{"id":1054,"date":"2026-04-27T08:06:50","date_gmt":"2026-04-27T08:06:50","guid":{"rendered":"https:\/\/landen.ee\/?p=1054"},"modified":"2026-04-27T08:12:17","modified_gmt":"2026-04-27T08:12:17","slug":"raadi-roosipargi-sarikapidu","status":"publish","type":"post","link":"https:\/\/landen.ee\/en\/arendused\/raadi-roosipargi-sarikapidu\/","title":{"rendered":"Raadi Roosipargis peeti sarikapidu &#8211; uus elukvartal Tartus j\u00f5udis olulise verstapostini"},"content":{"rendered":"<p><span style=\"font-weight: 400;\">Pidasime <\/span><a href=\"https:\/\/roosipark.ee\/\" target=\"_blank\" rel=\"noopener\"><span style=\"font-weight: 400;\">Raadi Roosipargi<\/span><\/a><span style=\"font-weight: 400;\"> arenduse sarikapidu, millega t\u00e4histasime esimese hoone t\u00e4isk\u00f5rguse saavutamist ning ehitust\u00f6\u00f6de j\u00f5udmist j\u00e4rgmisse etappi. Tegemist on Landen kinnisvara projektiga Tartu vallas Raadi alevikus, mille esimeses etapis valmib kahe plokiga A-energiaklassi hoone 22 korteri ja 8 \u00e4ripinnaga. Arendus valmib koost\u00f6\u00f6s <\/span><a href=\"https:\/\/projektiburoo.ee\/\" target=\"_blank\" rel=\"noopener\"><span style=\"font-weight: 400;\">Projektib\u00fcroo O\u00dc<\/span><\/a><span style=\"font-weight: 400;\"> arhitektidega ning ehitust\u00f6id teostab <\/span><a href=\"https:\/\/te.ee\/\" target=\"_blank\" rel=\"noopener\"><span style=\"font-weight: 400;\">Tartu Ehitus AS<\/span><\/a><span style=\"font-weight: 400;\">.<\/span><\/p>\n<p><span style=\"font-weight: 400;\">Sarikap\u00e4rja t\u00f5id alla Landen kinnisvara tegevjuht Sten Uritam ja <\/span><span style=\"font-weight: 400;\">Tartu Ehituse objektijuht Janno Lomp. T\u00e4isk\u00f5rguse saavutanud hoone valmib 2026. aasta s\u00fcgisel.\u00a0<\/span><\/p>\n<h3><b>Oluline hetk Raadi Roosipargi valmimisel<\/b><\/h3>\n<p><span style=\"font-weight: 400;\">S\u00fcndmus on ehitusprotsessis t\u00e4henduslik hetk, mis kinnitab, et konstruktsioonilised p\u00f5hit\u00f6\u00f6d on edukalt l\u00f5petatud ning arendus liigub plaanip\u00e4raselt edasi j\u00e4rgmiste etappide suunas.<\/span><\/p>\n<p><span style=\"font-weight: 400;\">\u201cRaadi Roosipargi puhul on tegemist tehniliselt l\u00e4bim\u00f5eldud ja h\u00e4sti ette valmistatud projektiga, kus sujuv koost\u00f6\u00f6 tellija ning projekteerijatega on v\u00f5imaldanud meil hoida t\u00f6\u00f6de k\u00e4igus nii kvaliteeti kui ka ajagraafikut,\u201c kommenteeris Tartu Ehitus AS tegevjuht Alar Loo.<\/span><\/p>\n<h3><b>Kodud Tartu k\u00fclje all rohelises ja arenevas piirkonnas<\/b><\/h3>\n<p><span style=\"font-weight: 400;\">Uusarenduse eesm\u00e4rk on luua terviklik elukeskkond, kus kaasaegne kvartal \u00fchendab eramaja privaatsuse moodsa korterelamu mugavustega. L\u00e4bim\u00f5eldud planeeringud, rohelised hoovialad ning inimkeskne ruumilahendus loovad keskkonna, mis sobib nii noortele peredele, paaridele kui ka investoritele.<\/span><\/p>\n<p><span style=\"font-weight: 400;\">Kodud paiknevad kiiresti arenevas <\/span><a href=\"https:\/\/roosipark.ee\/asukoht\/\" target=\"_blank\" rel=\"noopener\"><span style=\"font-weight: 400;\">Raadi piirkonnas Tartu linna k\u00fclje all<\/span><\/a><span style=\"font-weight: 400;\">, Eesti Rahva Muuseumi ja ajaloolise Raadi m\u00f5isa vahetus l\u00e4heduses. Piirkond \u00fchendab endas hea ligip\u00e4\u00e4su linnale, loodusl\u00e4hedase \u00fcmbruse ning kiiresti areneva elukeskkonna.<\/span><\/p>\n<p><span style=\"font-weight: 400;\">Kui otsid kodu, kus kohtuvad kaasaegne elukeskkond, loodusl\u00e4hedus ja hea \u00fchendus linnaga, <\/span><a href=\"https:\/\/roosipark.ee\/hinnad-ja-plaanid\/\" target=\"_blank\" rel=\"noopener\"><span style=\"font-weight: 400;\">leia oma tuleviku kodu Raadi Roosipargist<\/span><\/a><span style=\"font-weight: 400;\">.<\/span><\/p>\n<p><img loading=\"lazy\" decoding=\"async\" class=\"wp-image-1056 alignleft\" src=\"https:\/\/landen.ee\/wp-content\/uploads\/2026\/04\/DJI_20260423142622_0197_D-1.jpg\" alt=\"sarikapidu\" width=\"638\" height=\"426\" srcset=\"https:\/\/landen.ee\/wp-content\/uploads\/2026\/04\/DJI_20260423142622_0197_D-1.jpg 1400w, https:\/\/landen.ee\/wp-content\/uploads\/2026\/04\/DJI_20260423142622_0197_D-1-300x200.jpg 300w, https:\/\/landen.ee\/wp-content\/uploads\/2026\/04\/DJI_20260423142622_0197_D-1-1024x683.jpg 1024w, https:\/\/landen.ee\/wp-content\/uploads\/2026\/04\/DJI_20260423142622_0197_D-1-768x512.jpg 768w, https:\/\/landen.ee\/wp-content\/uploads\/2026\/04\/DJI_20260423142622_0197_D-1-18x12.jpg 18w\" sizes=\"auto, (max-width: 638px) 100vw, 638px\" \/><\/p>\n<p>&nbsp;<\/p>\n<p>&nbsp;<\/p>\n<p>&nbsp;<\/p>\n<p>&nbsp;<\/p>\n<p>&nbsp;<\/p>\n<p>&nbsp;<\/p>\n<p>&nbsp;<\/p>\n<p>&nbsp;<\/p>\n<p>&nbsp;<\/p>\n<p>&nbsp;<\/p>\n<h3><\/h3>\n<h3><\/h3>\n<h3><\/h3>\n<h3><b>Uusarendus j\u00f5udis t\u00e4htsa verstapostini<\/b><\/h3>\n<p><span style=\"font-weight: 400;\">Ait\u00e4h k\u00f5igile, kes tulid sarikapidu meiega t\u00e4histama. Suur t\u00e4nu koost\u00f6\u00f6partneritele ja kogu meeskonnale, kes aitavad Raadi Roosipargi visiooni samm-sammult reaalsuseks muuta.\u00a0<\/span><\/p>\n<p><span style=\"font-weight: 400;\">Tutvu s\u00fcndmuse meeleoludega <\/span><a href=\"https:\/\/www.facebook.com\/media\/set?vanity=landen.ee&amp;set=a.122190161756431772\" target=\"_blank\" rel=\"noopener\"><span style=\"font-weight: 400;\">meie Facebookis leiduvas galeriis.<\/span><\/a><\/p>","protected":false},"excerpt":{"rendered":"<p>Pidasime Raadi Roosipargi arenduse sarikapidu, millega t\u00e4histasime esimese hoone t\u00e4isk\u00f5rguse saavutamist ning ehitust\u00f6\u00f6de j\u00f5udmist j\u00e4rgmisse etappi. Tegemist on Landen kinnisvara projektiga Tartu vallas Raadi alevikus, mille esimeses etapis valmib kahe plokiga A-energiaklassi hoone 22 korteri ja 8 \u00e4ripinnaga. Arendus valmib koost\u00f6\u00f6s Projektib\u00fcroo O\u00dc arhitektidega ning ehitust\u00f6id teostab Tartu Ehitus AS. Sarikap\u00e4rja t\u00f5id alla Landen kinnisvara [&hellip;]<\/p>\n","protected":false},"author":4,"featured_media":1058,"comment_status":"closed","ping_status":"closed","sticky":false,"template":"","format":"standard","meta":{"_acf_changed":false,"footnotes":""},"categories":[13,15],"tags":[23,16,73,62,39,53,106,32],"class_list":["post-1054","post","type-post","status-publish","format-standard","has-post-thumbnail","hentry","category-arendused","category-pressiteated","tag-kinnisvaraarendus-tartus","tag-landen-kinnisvara","tag-landen-kinnisvara-arendus","tag-landen-kinnisvara-uusarendus","tag-raadi-roosipark","tag-raadi-roosipark-tartu","tag-uusarendus-raadil","tag-uusarendus-tartu"],"acf":[],"yoast_head":"<!-- This site is optimized with the Yoast SEO plugin v27.4 - https:\/\/yoast.com\/product\/yoast-seo-wordpress\/ -->\n<title>Raadi Roosipargis peeti sarikapidu - uus elukvartal Tartus j\u00f5udis olulise verstapostini - Landen kinnisvara<\/title>\n<meta name=\"description\" content=\"Raadi Roosipargi arenduse sarikapidu, millega t\u00e4histasime esimese hoone t\u00e4isk\u00f5rguse saavutamist ning ehitust\u00f6\u00f6de j\u00f5udmist j\u00e4rgmisse etapp\" \/>\n<meta name=\"robots\" content=\"index, follow, max-snippet:-1, max-image-preview:large, max-video-preview:-1\" \/>\n<link rel=\"canonical\" href=\"https:\/\/landen.ee\/en\/arendused\/raadi-roosipargi-sarikapidu\/\" \/>\n<meta property=\"og:locale\" content=\"en_GB\" \/>\n<meta property=\"og:type\" content=\"article\" \/>\n<meta property=\"og:title\" content=\"Raadi Roosipargis peeti sarikapidu - uus elukvartal Tartus j\u00f5udis olulise verstapostini - Landen kinnisvara\" \/>\n<meta property=\"og:description\" content=\"Raadi Roosipargi arenduse sarikapidu, millega t\u00e4histasime esimese hoone t\u00e4isk\u00f5rguse saavutamist ning ehitust\u00f6\u00f6de j\u00f5udmist j\u00e4rgmisse etapp\" \/>\n<meta property=\"og:url\" content=\"https:\/\/landen.ee\/en\/arendused\/raadi-roosipargi-sarikapidu\/\" \/>\n<meta property=\"og:site_name\" content=\"Landen kinnisvara\" \/>\n<meta property=\"article:published_time\" content=\"2026-04-27T08:06:50+00:00\" \/>\n<meta property=\"article:modified_time\" content=\"2026-04-27T08:12:17+00:00\" \/>\n<meta property=\"og:image\" content=\"https:\/\/landen.ee\/wp-content\/uploads\/2026\/04\/IMG_3426-1.jpg\" \/>\n\t<meta property=\"og:image:width\" content=\"1867\" \/>\n\t<meta property=\"og:image:height\" content=\"1245\" \/>\n\t<meta property=\"og:image:type\" content=\"image\/jpeg\" \/>\n<meta name=\"author\" content=\"Press\" \/>\n<meta name=\"twitter:card\" content=\"summary_large_image\" \/>\n<meta name=\"twitter:label1\" content=\"Written by\" \/>\n\t<meta name=\"twitter:data1\" content=\"Press\" \/>\n\t<meta name=\"twitter:label2\" content=\"Estimated reading time\" \/>\n\t<meta name=\"twitter:data2\" content=\"2 minutes\" \/>\n<script type=\"application\/ld+json\" class=\"yoast-schema-graph\">{\"@context\":\"https:\\\/\\\/schema.org\",\"@graph\":[{\"@type\":\"Article\",\"@id\":\"https:\\\/\\\/landen.ee\\\/arendused\\\/raadi-roosipargi-sarikapidu\\\/#article\",\"isPartOf\":{\"@id\":\"https:\\\/\\\/landen.ee\\\/arendused\\\/raadi-roosipargi-sarikapidu\\\/\"},\"author\":{\"name\":\"Press\",\"@id\":\"https:\\\/\\\/landen.ee\\\/#\\\/schema\\\/person\\\/a77edf6cba4d959e3ea4b697c56f40d5\"},\"headline\":\"Raadi Roosipargis peeti sarikapidu &#8211; uus elukvartal Tartus j\u00f5udis olulise verstapostini\",\"datePublished\":\"2026-04-27T08:06:50+00:00\",\"dateModified\":\"2026-04-27T08:12:17+00:00\",\"mainEntityOfPage\":{\"@id\":\"https:\\\/\\\/landen.ee\\\/arendused\\\/raadi-roosipargi-sarikapidu\\\/\"},\"wordCount\":319,\"image\":{\"@id\":\"https:\\\/\\\/landen.ee\\\/arendused\\\/raadi-roosipargi-sarikapidu\\\/#primaryimage\"},\"thumbnailUrl\":\"https:\\\/\\\/landen.ee\\\/wp-content\\\/uploads\\\/2026\\\/04\\\/IMG_3426-1.jpg\",\"keywords\":[\"Kinnisvaraarendus Tartus\",\"Landen kinnisvara\",\"Landen kinnisvara arendus\",\"Landen kinnisvara uusarendus\",\"Raadi Roosipark\",\"Raadi Roosipark Tartu\",\"Uusarendus Raadil\",\"Uusarendus Tartu\"],\"articleSection\":[\"Arendused\",\"Pressiteated\"],\"inLanguage\":\"en-GB\"},{\"@type\":\"WebPage\",\"@id\":\"https:\\\/\\\/landen.ee\\\/arendused\\\/raadi-roosipargi-sarikapidu\\\/\",\"url\":\"https:\\\/\\\/landen.ee\\\/arendused\\\/raadi-roosipargi-sarikapidu\\\/\",\"name\":\"Raadi Roosipargis peeti sarikapidu - uus elukvartal Tartus j\u00f5udis olulise verstapostini - Landen kinnisvara\",\"isPartOf\":{\"@id\":\"https:\\\/\\\/landen.ee\\\/#website\"},\"primaryImageOfPage\":{\"@id\":\"https:\\\/\\\/landen.ee\\\/arendused\\\/raadi-roosipargi-sarikapidu\\\/#primaryimage\"},\"image\":{\"@id\":\"https:\\\/\\\/landen.ee\\\/arendused\\\/raadi-roosipargi-sarikapidu\\\/#primaryimage\"},\"thumbnailUrl\":\"https:\\\/\\\/landen.ee\\\/wp-content\\\/uploads\\\/2026\\\/04\\\/IMG_3426-1.jpg\",\"datePublished\":\"2026-04-27T08:06:50+00:00\",\"dateModified\":\"2026-04-27T08:12:17+00:00\",\"author\":{\"@id\":\"https:\\\/\\\/landen.ee\\\/#\\\/schema\\\/person\\\/a77edf6cba4d959e3ea4b697c56f40d5\"},\"description\":\"Raadi Roosipargi arenduse sarikapidu, millega t\u00e4histasime esimese hoone t\u00e4isk\u00f5rguse saavutamist ning ehitust\u00f6\u00f6de j\u00f5udmist j\u00e4rgmisse etapp\",\"breadcrumb\":{\"@id\":\"https:\\\/\\\/landen.ee\\\/arendused\\\/raadi-roosipargi-sarikapidu\\\/#breadcrumb\"},\"inLanguage\":\"en-GB\",\"potentialAction\":[{\"@type\":\"ReadAction\",\"target\":[\"https:\\\/\\\/landen.ee\\\/arendused\\\/raadi-roosipargi-sarikapidu\\\/\"]}]},{\"@type\":\"ImageObject\",\"inLanguage\":\"en-GB\",\"@id\":\"https:\\\/\\\/landen.ee\\\/arendused\\\/raadi-roosipargi-sarikapidu\\\/#primaryimage\",\"url\":\"https:\\\/\\\/landen.ee\\\/wp-content\\\/uploads\\\/2026\\\/04\\\/IMG_3426-1.jpg\",\"contentUrl\":\"https:\\\/\\\/landen.ee\\\/wp-content\\\/uploads\\\/2026\\\/04\\\/IMG_3426-1.jpg\",\"width\":1867,\"height\":1245,\"caption\":\"sarikapidu\"},{\"@type\":\"BreadcrumbList\",\"@id\":\"https:\\\/\\\/landen.ee\\\/arendused\\\/raadi-roosipargi-sarikapidu\\\/#breadcrumb\",\"itemListElement\":[{\"@type\":\"ListItem\",\"position\":1,\"name\":\"Home\",\"item\":\"https:\\\/\\\/landen.ee\\\/\"},{\"@type\":\"ListItem\",\"position\":2,\"name\":\"Raadi Roosipargis peeti sarikapidu &#8211; uus elukvartal Tartus j\u00f5udis olulise verstapostini\"}]},{\"@type\":\"WebSite\",\"@id\":\"https:\\\/\\\/landen.ee\\\/#website\",\"url\":\"https:\\\/\\\/landen.ee\\\/\",\"name\":\"Landen kinnisvara\",\"description\":\"Uus vaatenurk kinnisvarale\",\"potentialAction\":[{\"@type\":\"SearchAction\",\"target\":{\"@type\":\"EntryPoint\",\"urlTemplate\":\"https:\\\/\\\/landen.ee\\\/?s={search_term_string}\"},\"query-input\":{\"@type\":\"PropertyValueSpecification\",\"valueRequired\":true,\"valueName\":\"search_term_string\"}}],\"inLanguage\":\"en-GB\"},{\"@type\":\"Person\",\"@id\":\"https:\\\/\\\/landen.ee\\\/#\\\/schema\\\/person\\\/a77edf6cba4d959e3ea4b697c56f40d5\",\"name\":\"Press\",\"image\":{\"@type\":\"ImageObject\",\"inLanguage\":\"en-GB\",\"@id\":\"https:\\\/\\\/secure.gravatar.com\\\/avatar\\\/150d6ea85a8ae78998dd5d2f77473358d617cbb3c3bc18dba3bd4374aec7ba30?s=96&d=mm&r=g\",\"url\":\"https:\\\/\\\/secure.gravatar.com\\\/avatar\\\/150d6ea85a8ae78998dd5d2f77473358d617cbb3c3bc18dba3bd4374aec7ba30?s=96&d=mm&r=g\",\"contentUrl\":\"https:\\\/\\\/secure.gravatar.com\\\/avatar\\\/150d6ea85a8ae78998dd5d2f77473358d617cbb3c3bc18dba3bd4374aec7ba30?s=96&d=mm&r=g\",\"caption\":\"Press\"},\"url\":\"https:\\\/\\\/landen.ee\\\/en\\\/author\\\/press\\\/\"}]}<\/script>\n<!-- \/ Yoast SEO plugin. -->","yoast_head_json":{"title":"Raadi Roosipargis peeti sarikapidu - uus elukvartal Tartus j\u00f5udis olulise verstapostini - Landen kinnisvara","description":"Raadi Roosipargi arenduse sarikapidu, millega t\u00e4histasime esimese hoone t\u00e4isk\u00f5rguse saavutamist ning ehitust\u00f6\u00f6de j\u00f5udmist j\u00e4rgmisse etapp","robots":{"index":"index","follow":"follow","max-snippet":"max-snippet:-1","max-image-preview":"max-image-preview:large","max-video-preview":"max-video-preview:-1"},"canonical":"https:\/\/landen.ee\/en\/arendused\/raadi-roosipargi-sarikapidu\/","og_locale":"en_GB","og_type":"article","og_title":"Raadi Roosipargis peeti sarikapidu - uus elukvartal Tartus j\u00f5udis olulise verstapostini - Landen kinnisvara","og_description":"Raadi Roosipargi arenduse sarikapidu, millega t\u00e4histasime esimese hoone t\u00e4isk\u00f5rguse saavutamist ning ehitust\u00f6\u00f6de j\u00f5udmist j\u00e4rgmisse etapp","og_url":"https:\/\/landen.ee\/en\/arendused\/raadi-roosipargi-sarikapidu\/","og_site_name":"Landen kinnisvara","article_published_time":"2026-04-27T08:06:50+00:00","article_modified_time":"2026-04-27T08:12:17+00:00","og_image":[{"width":1867,"height":1245,"url":"https:\/\/landen.ee\/wp-content\/uploads\/2026\/04\/IMG_3426-1.jpg","type":"image\/jpeg"}],"author":"Press","twitter_card":"summary_large_image","twitter_misc":{"Written by":"Press","Estimated reading time":"2 minutes"},"schema":{"@context":"https:\/\/schema.org","@graph":[{"@type":"Article","@id":"https:\/\/landen.ee\/arendused\/raadi-roosipargi-sarikapidu\/#article","isPartOf":{"@id":"https:\/\/landen.ee\/arendused\/raadi-roosipargi-sarikapidu\/"},"author":{"name":"Press","@id":"https:\/\/landen.ee\/#\/schema\/person\/a77edf6cba4d959e3ea4b697c56f40d5"},"headline":"Raadi Roosipargis peeti sarikapidu &#8211; uus elukvartal Tartus j\u00f5udis olulise verstapostini","datePublished":"2026-04-27T08:06:50+00:00","dateModified":"2026-04-27T08:12:17+00:00","mainEntityOfPage":{"@id":"https:\/\/landen.ee\/arendused\/raadi-roosipargi-sarikapidu\/"},"wordCount":319,"image":{"@id":"https:\/\/landen.ee\/arendused\/raadi-roosipargi-sarikapidu\/#primaryimage"},"thumbnailUrl":"https:\/\/landen.ee\/wp-content\/uploads\/2026\/04\/IMG_3426-1.jpg","keywords":["Kinnisvaraarendus Tartus","Landen kinnisvara","Landen kinnisvara arendus","Landen kinnisvara uusarendus","Raadi Roosipark","Raadi Roosipark Tartu","Uusarendus Raadil","Uusarendus Tartu"],"articleSection":["Arendused","Pressiteated"],"inLanguage":"en-GB"},{"@type":"WebPage","@id":"https:\/\/landen.ee\/arendused\/raadi-roosipargi-sarikapidu\/","url":"https:\/\/landen.ee\/arendused\/raadi-roosipargi-sarikapidu\/","name":"Raadi Roosipargis peeti sarikapidu - uus elukvartal Tartus j\u00f5udis olulise verstapostini - Landen kinnisvara","isPartOf":{"@id":"https:\/\/landen.ee\/#website"},"primaryImageOfPage":{"@id":"https:\/\/landen.ee\/arendused\/raadi-roosipargi-sarikapidu\/#primaryimage"},"image":{"@id":"https:\/\/landen.ee\/arendused\/raadi-roosipargi-sarikapidu\/#primaryimage"},"thumbnailUrl":"https:\/\/landen.ee\/wp-content\/uploads\/2026\/04\/IMG_3426-1.jpg","datePublished":"2026-04-27T08:06:50+00:00","dateModified":"2026-04-27T08:12:17+00:00","author":{"@id":"https:\/\/landen.ee\/#\/schema\/person\/a77edf6cba4d959e3ea4b697c56f40d5"},"description":"Raadi Roosipargi arenduse sarikapidu, millega t\u00e4histasime esimese hoone t\u00e4isk\u00f5rguse saavutamist ning ehitust\u00f6\u00f6de j\u00f5udmist j\u00e4rgmisse etapp","breadcrumb":{"@id":"https:\/\/landen.ee\/arendused\/raadi-roosipargi-sarikapidu\/#breadcrumb"},"inLanguage":"en-GB","potentialAction":[{"@type":"ReadAction","target":["https:\/\/landen.ee\/arendused\/raadi-roosipargi-sarikapidu\/"]}]},{"@type":"ImageObject","inLanguage":"en-GB","@id":"https:\/\/landen.ee\/arendused\/raadi-roosipargi-sarikapidu\/#primaryimage","url":"https:\/\/landen.ee\/wp-content\/uploads\/2026\/04\/IMG_3426-1.jpg","contentUrl":"https:\/\/landen.ee\/wp-content\/uploads\/2026\/04\/IMG_3426-1.jpg","width":1867,"height":1245,"caption":"sarikapidu"},{"@type":"BreadcrumbList","@id":"https:\/\/landen.ee\/arendused\/raadi-roosipargi-sarikapidu\/#breadcrumb","itemListElement":[{"@type":"ListItem","position":1,"name":"Home","item":"https:\/\/landen.ee\/"},{"@type":"ListItem","position":2,"name":"Raadi Roosipargis peeti sarikapidu &#8211; uus elukvartal Tartus j\u00f5udis olulise verstapostini"}]},{"@type":"WebSite","@id":"https:\/\/landen.ee\/#website","url":"https:\/\/landen.ee\/","name":"Landen kinnisvara","description":"A New Perspective on Real Estate","potentialAction":[{"@type":"SearchAction","target":{"@type":"EntryPoint","urlTemplate":"https:\/\/landen.ee\/?s={search_term_string}"},"query-input":{"@type":"PropertyValueSpecification","valueRequired":true,"valueName":"search_term_string"}}],"inLanguage":"en-GB"},{"@type":"Person","@id":"https:\/\/landen.ee\/#\/schema\/person\/a77edf6cba4d959e3ea4b697c56f40d5","name":"Press","image":{"@type":"ImageObject","inLanguage":"en-GB","@id":"https:\/\/secure.gravatar.com\/avatar\/150d6ea85a8ae78998dd5d2f77473358d617cbb3c3bc18dba3bd4374aec7ba30?s=96&d=mm&r=g","url":"https:\/\/secure.gravatar.com\/avatar\/150d6ea85a8ae78998dd5d2f77473358d617cbb3c3bc18dba3bd4374aec7ba30?s=96&d=mm&r=g","contentUrl":"https:\/\/secure.gravatar.com\/avatar\/150d6ea85a8ae78998dd5d2f77473358d617cbb3c3bc18dba3bd4374aec7ba30?s=96&d=mm&r=g","caption":"Press"},"url":"https:\/\/landen.ee\/en\/author\/press\/"}]}},"_links":{"self":[{"href":"https:\/\/landen.ee\/en\/wp-json\/wp\/v2\/posts\/1054","targetHints":{"allow":["GET"]}}],"collection":[{"href":"https:\/\/landen.ee\/en\/wp-json\/wp\/v2\/posts"}],"about":[{"href":"https:\/\/landen.ee\/en\/wp-json\/wp\/v2\/types\/post"}],"author":[{"embeddable":true,"href":"https:\/\/landen.ee\/en\/wp-json\/wp\/v2\/users\/4"}],"replies":[{"embeddable":true,"href":"https:\/\/landen.ee\/en\/wp-json\/wp\/v2\/comments?post=1054"}],"version-history":[{"count":11,"href":"https:\/\/landen.ee\/en\/wp-json\/wp\/v2\/posts\/1054\/revisions"}],"predecessor-version":[{"id":1069,"href":"https:\/\/landen.ee\/en\/wp-json\/wp\/v2\/posts\/1054\/revisions\/1069"}],"wp:featuredmedia":[{"embeddable":true,"href":"https:\/\/landen.ee\/en\/wp-json\/wp\/v2\/media\/1058"}],"wp:attachment":[{"href":"https:\/\/landen.ee\/en\/wp-json\/wp\/v2\/media?parent=1054"}],"wp:term":[{"taxonomy":"category","embeddable":true,"href":"https:\/\/landen.ee\/en\/wp-json\/wp\/v2\/categories?post=1054"},{"taxonomy":"post_tag","embeddable":true,"href":"https:\/\/landen.ee\/en\/wp-json\/wp\/v2\/tags?post=1054"}],"curies":[{"name":"wp","href":"https:\/\/api.w.org\/{rel}","templated":true}]}}